{"id":394,"date":"2025-11-30T22:39:39","date_gmt":"2025-11-30T21:39:39","guid":{"rendered":"https:\/\/parohia-lacourneuve.com\/?p=394"},"modified":"2025-11-30T22:39:39","modified_gmt":"2025-11-30T21:39:39","slug":"corala-de-copii-a-parohiei-la-madrid","status":"publish","type":"post","link":"https:\/\/parohia-lacourneuve.com\/index.php\/2025\/11\/30\/corala-de-copii-a-parohiei-la-madrid\/","title":{"rendered":"Corala de copii a parohiei la Madrid"},"content":{"rendered":"<p>\u00cen perioada 31 octombrie &#8211; 2 noiembrie 2025, corala de copii a parohiei \u201cSfin\u021bii Trei Ierarhi\u201d La Courneuve &#8211; Paris, s-a aflat \u00een Madrid cu prilejul unei vizite culturale, sportive \u0219i liturgice.<\/p>\n<p>\u00cen prima sear\u0103 a \u0219ederii, dup\u0103 vizite la Museo de Cera \u0219i la Santiago Bernabeu, stadionul echipei Real Madrid, echipa de fotbal a parohiei a jucat un meci cu echipa preo\u021bilor din Madrid.<\/p>\n<p>A doua zi, grupul s-a \u00eendreptat spre frumosul ora\u0219 Toledo, aflat \u00een sudul Madridului; un ora\u0219 cu o arhitectur\u0103 aparte \u0219i o istorie remarcabil\u0103, \u00een care influen\u021bele cre\u0219tine, musulmane \u0219i evreie\u0219ti se \u00eempletesc \u00eentr-o combina\u021bie unic\u0103 de palate, biserici \u0219i str\u0103zi unice.<br \/>\nSpre sear\u0103, corala a fost primit\u0103 de ob\u0219tea monahal\u0103 de la m\u0103n\u0103stirea \u201cNa\u0219terea Domnului\u201d din Cenicientos, la o altitudine de 750 de metri, \u00een cadrul natural protejat Pe\u00f1a de Cenicientos. Aici corala a adus maicilor bucuria rug\u0103ciunii c\u00e2ntate.<\/p>\n<p>Duminic\u0103 2 Noiembrie, Sf\u00e2nta Liturghie arhiereasc\u0103 a fost s\u0103v\u00e2r\u0219it\u0103 de PS P\u0103rinte Timotei, episcopul Spaniei \u0219i Portugaliei \u00een Catedrala Episcopal\u0103 \u201cIntrarea Maicii Domnului \u00een Biseric\u0103\u201d din Madrid. R\u0103spunsurile liturgice au fost date de corala parohiei care a fost primit\u0103 cu mult\u0103 dragoste de credincio\u0219ii \u0219i vie\u021buitorii Sfintei Catedrale care au preg\u0103tit o mas\u0103 pentru cei 40 de tineri.<\/p>\n<p>\u00cen semn de pre\u021buire pentru slujire \u0219i d\u0103ruirea sa, Preasfin\u021bitul P\u0103rinte Timotei a oferit P\u0103rintelui Mircea Filip \u201eCrucea Sf\u00e2ntul Apostol Iacov cel Mare\u201d, pentru activitatea pastoral\u0103 \u0219i sprijinul adus lucr\u0103rilor Catedralei Episcopale.<\/p>\n<p>Corala a primit ordinul \u201cSf\u00e2ntul Apostol Iacob cel Mare\u201d al Episcopiei, o distinc\u021bie cultural\u0103 care ne onoreaz\u0103 \u00een activitatea noastr\u0103 cu tinerii.<\/p>\n<p>&#8211;<\/p>\n<p>Pe parcursul celor 3 zile, tinerii au bucurat pe turi\u0219tii care vizitau muzeele, bisericile \u0219i obiectivele din ora\u0219, c\u00e2nt\u00e2nd diferite piese din repertoriu.<\/p>\n<p>Mul\u021bumim Preasfin\u021bitului P\u0103rinte Timotei pentru ospitalitate, pentru frumoasele cuvinte adresate tinerilor \u0219i pentru momentele petrecute \u00eempreun\u0103, \u0219i p\u0103rintelui arhidiacon Spiridon Burlacu, consilier economic eparhial, pentru organizarea deosebit\u0103 a acestor zile.<\/p>\n<p>Madrid, 2.11.2025<\/p>\n","protected":false},"excerpt":{"rendered":"<p>\u00cen perioada 31 octombrie &#8211; 2 noiembrie 2025, corala de copii a parohiei \u201cSfin\u021bii Trei Ierarhi\u201d La Courneuve &#8211; Paris, s-a aflat \u00een Madrid cu prilejul unei vizite culturale, sportive \u0219i liturgice. \u00cen prima sear\u0103 a \u0219ederii, dup\u0103 vizite la Museo de Cera \u0219i la Santiago Bernabeu, stadionul echipei Real Madrid, echipa de fotbal a&hellip; <a class=\"more-link\" href=\"https:\/\/parohia-lacourneuve.com\/index.php\/2025\/11\/30\/corala-de-copii-a-parohiei-la-madrid\/\">Poursuivre la lecture <span class=\"screen-reader-text\">Corala de copii a parohiei la Madrid<\/span><\/a><\/p>\n","protected":false},"author":1,"featured_media":400,"comment_status":"open","ping_status":"open","sticky":false,"template":"","format":"standard","meta":{"footnotes":""},"categories":[8],"tags":[],"class_list":["post-394","post","type-post","status-publish","format-standard","has-post-thumbnail","hentry","category-viata-parohiei","entry"],"_links":{"self":[{"href":"https:\/\/parohia-lacourneuve.com\/index.php\/wp-json\/wp\/v2\/posts\/394","targetHints":{"allow":["GET"]}}],"collection":[{"href":"https:\/\/parohia-lacourneuve.com\/index.php\/wp-json\/wp\/v2\/posts"}],"about":[{"href":"https:\/\/parohia-lacourneuve.com\/index.php\/wp-json\/wp\/v2\/types\/post"}],"author":[{"embeddable":true,"href":"https:\/\/parohia-lacourneuve.com\/index.php\/wp-json\/wp\/v2\/users\/1"}],"replies":[{"embeddable":true,"href":"https:\/\/parohia-lacourneuve.com\/index.php\/wp-json\/wp\/v2\/comments?post=394"}],"version-history":[{"count":1,"href":"https:\/\/parohia-lacourneuve.com\/index.php\/wp-json\/wp\/v2\/posts\/394\/revisions"}],"predecessor-version":[{"id":404,"href":"https:\/\/parohia-lacourneuve.com\/index.php\/wp-json\/wp\/v2\/posts\/394\/revisions\/404"}],"wp:featuredmedia":[{"embeddable":true,"href":"https:\/\/parohia-lacourneuve.com\/index.php\/wp-json\/wp\/v2\/media\/400"}],"wp:attachment":[{"href":"https:\/\/parohia-lacourneuve.com\/index.php\/wp-json\/wp\/v2\/media?parent=394"}],"wp:term":[{"taxonomy":"category","embeddable":true,"href":"https:\/\/parohia-lacourneuve.com\/index.php\/wp-json\/wp\/v2\/categories?post=394"},{"taxonomy":"post_tag","embeddable":true,"href":"https:\/\/parohia-lacourneuve.com\/index.php\/wp-json\/wp\/v2\/tags?post=394"}],"curies":[{"name":"wp","href":"https:\/\/api.w.org\/{rel}","templated":true}]}}