{"id":322,"date":"2024-05-12T14:37:17","date_gmt":"2024-05-12T12:37:17","guid":{"rendered":"https:\/\/parohia-lacourneuve.com\/?p=322"},"modified":"2024-05-12T14:37:17","modified_gmt":"2024-05-12T12:37:17","slug":"parohia-sfintii-trei-ierarhi-din-la-courneuve-a-implinit-16-ani-de-la-infiintare","status":"publish","type":"post","link":"https:\/\/parohia-lacourneuve.com\/index.php\/2024\/05\/12\/parohia-sfintii-trei-ierarhi-din-la-courneuve-a-implinit-16-ani-de-la-infiintare\/","title":{"rendered":"Parohia \u201eSfin\u0163ii Trei Ierarhi\u201d din La Courneuve a \u00eemplinit 16 ani de la \u00eenfiin\u0163are"},"content":{"rendered":"<div id=\":zk\" class=\"ii gt\">\n<div id=\":zl\" class=\"a3s aiL \">\n<div>\n<div class=\"gmail_quote\">\n<div dir=\"ltr\">\n<div dir=\"ltr\">\n<div dir=\"ltr\">\n<div>\n<div>\n<p><span lang=\"IT\">\u00cen urm\u0103 cu 16 ani, s-a s\u0103v\u00e2r\u0219it prima slujb\u0103 \u00een limba rom\u00e2n\u0103 \u00een estul Parisului, \u00een Duminica Floriilor, 21 Aprilie 2008. Cu binecuv\u00e2ntarea \u00cePS P\u0103rinte Mitropolit Iosif, s-a deschis \u00eent\u00e2ia parohie din departamentul 93, \u00een ora\u015ful Romainville, preot paroh fiind p\u0103rintele Mircea Filip. Cu 16 ani mai t\u00e2rziu, s-au mai deschis alte peste 20 de parohii \u00een regiunea parizian\u0103, num\u0103rul credincio\u015filor a crescut, iar comunitatea din Romainville care \u00eei are ca ocrotitori pe Sfin\u0163ii Trei Ierarhi, \u015fi-a construit loca\u015ful de cult \u00een ora\u015ful La Courneuve, sfin\u0163it \u00een anul 2022.<\/span><\/p>\n<p>&nbsp;<\/p>\n<p><span lang=\"IT\">\u00cen Duminica a 5-a din Postul Mare, Preasfin\u0163itul P\u0103rinte Galaction a s\u0103v\u00e2r\u015fit Sf\u00e2nta Liturghie \u00een Parohia \u201eSfin\u0163ii Trei Ierarhi\u201d din La Courneuve, care a \u00eemplinit \u00een aceea\u0219i zi &#8211; 21 Aprilie, 16 ani de existen\u0163\u0103.\u00a0<\/span><\/p>\n<p>&nbsp;<\/p>\n<p><span lang=\"IT\">Delega\u0163ia M\u0103n\u0103stirii Pantocrator din Dr\u0103g\u0103ne\u015fti-Vla\u015fca, din care fac parte p\u0103rintele arhimandrit Serafim Baciu, vicar eparhial, p\u0103rintele arhimandrit Sebastian Serdaru, stare\u0163ul m\u0103n\u0103stirii Pantocrator \u015fi p\u0103rintele protosinghel Silvestru Murgoi, a fost \u00eent\u00e2mpinat\u0103 \u00eenc\u0103 de diminea\u0163\u0103 de tinerii parohiei \u00eembr\u0103ca\u021bi \u00een straie populare rom\u00e2ne\u015fti.\u00a0<\/span><\/p>\n<p>&nbsp;<\/p>\n<p><span lang=\"IT\">La Sf\u00e2nta Liturghie au participat peste 1000 de credincio\u015fi, tineri \u015fi copii.<\/span><\/p>\n<p>&nbsp;<\/p>\n<p><span lang=\"IT\">Dup\u0103 citirea Sfintei Evanghelii, Preasfin\u0163itul P\u0103rinte Galaction a rostit cuv\u00e2ntul de \u00eenv\u0103\u0163\u0103tur\u0103 la Duminica a 5-a din Postul Mare, \u00een care se pomene\u015fte Sf\u00e2nta Cuvioas\u0103 Maria Egipteanca, a c\u0103rei via\u0163\u0103 s-a citit miercurea trecut\u0103.<\/span><\/p>\n<p><span lang=\"FR\">R\u0103spunsurile liturgice au fost date de corala de copii a parohiei.<\/span><\/p>\n<p>&nbsp;<\/p>\n<p><span lang=\"FR\">La chinonic, p\u0103rintele arhimandrit Sebastian Serdaru, stare\u0163ul Sfintei M\u0103n\u0103stiri Pantocrator, a vorbit celor prezen\u0163i despre via\u0163a Sfintei Mironosi\u0163e Maria Magdalena, cinstit\u0103 \u00eentocmai cu apostolii, \u015fi a precizat tuturor c\u0103 sunt leg\u0103turi foarte str\u00e2nse \u00eentre Sf\u00e2nta Mironosi\u0163\u0103 \u015fi Fran\u0163a. \u00cen urm\u0103 cu 2000 de ani, Sf\u00e2nta a propov\u0103duit pe meleagurile Galiei, \u0219i a l\u0103sat o mare mo\u0219tenire spiritual\u0103 Bisericii Apusene, \u0219i mo\u0219tenire tradi\u021bional\u0103 popoarelor care au locuit de-a lungul anilor pe aceste locuri, \u0219i au cinstit-o cu evlavie pe Sf\u00e2nta Mironosi\u021b\u0103.<\/span><\/p>\n<p>&nbsp;<\/p>\n<p><span lang=\"FR\">De asemenea, pe 21 Aprilie este aniversarea p\u0103rintelui paroh Mircea Filip, care \u00eempline\u015fte 17 ani de preo\u021bie \u0219i 44 de ani de via\u021b\u0103. Cu acest prilej, la finalul Sfintei Liturghii, p\u0103rintele a primit un co\u015f cu flori din partea consiliului parohial \u015fi a credincio\u015filor parohiei. Din partea Preasfin\u0163itului P\u0103rinte Galaction \u015fi a preacuvio\u015filor p\u0103rin\u0163i, p\u0103rintele a primit o pre\u021bioas\u0103 Cruce pectoral\u0103 cu M\u00e2ntuitorul Pantocrator, \u00een semn de apreciere pentru activitatea pastoral\u0103, misionar\u0103 \u015fi educa\u0163ional\u0103 desf\u0103\u015furat\u0103 \u00een capitala Fran\u0163ei.\u00a0<\/span><\/p>\n<p>&nbsp;<\/p>\n<p><span lang=\"FR\">P\u0103rintele Mircea a rostit un cuv\u00e2nt de mul\u0163umire c\u0103tre Preafericitului P\u0103rinte Patriarh Daniel, care a aprobat ie\u015firea sfintelor moa\u015fte din \u0163ara noastr\u0103, \u00cenaltpreasfin\u021bitului P\u0103rinte Mitropolit Iosif \u015fi Preasfin\u0163itului P\u0103rinte Galaction pentru binecuv\u00e2ntarea desf\u0103\u015fur\u0103rii acestui eveniment, \u015fi p\u0103rin\u0163ilor din delega\u0163ie care au adus cinstita racl\u0103.<\/span><\/p>\n<p>&nbsp;<\/p>\n<p><span lang=\"IT\">\u00cenainte de plecare, delega\u0163ia a vizitat sala festiv\u0103 \u201eAula Amicitiae\u201d a parohiei \u015fi \u015ecoala rom\u00e2neasc\u0103 \u201eRegina Maria\u201d.<\/span><\/p>\n<\/div>\n<\/div>\n<\/div>\n<\/div>\n<\/div>\n<div class=\"yj6qo\"><\/div>\n<div class=\"adL\"><\/div>\n<\/div>\n<\/div>\n<div class=\"adL\"><\/div>\n<\/div>\n<\/div>\n<div id=\":yj\" class=\"hq gt\"><\/div>\n","protected":false},"excerpt":{"rendered":"<p>\u00cen urm\u0103 cu 16 ani, s-a s\u0103v\u00e2r\u0219it prima slujb\u0103 \u00een limba rom\u00e2n\u0103 \u00een estul Parisului, \u00een Duminica Floriilor, 21 Aprilie 2008. Cu binecuv\u00e2ntarea \u00cePS P\u0103rinte Mitropolit Iosif, s-a deschis \u00eent\u00e2ia parohie din departamentul 93, \u00een ora\u015ful Romainville, preot paroh fiind p\u0103rintele Mircea Filip. Cu 16 ani mai t\u00e2rziu, s-au mai deschis alte peste 20 de&hellip; <a class=\"more-link\" href=\"https:\/\/parohia-lacourneuve.com\/index.php\/2024\/05\/12\/parohia-sfintii-trei-ierarhi-din-la-courneuve-a-implinit-16-ani-de-la-infiintare\/\">Poursuivre la lecture <span class=\"screen-reader-text\">Parohia \u201eSfin\u0163ii Trei Ierarhi\u201d din La Courneuve a \u00eemplinit 16 ani de la \u00eenfiin\u0163are<\/span><\/a><\/p>\n","protected":false},"author":1,"featured_media":323,"comment_status":"open","ping_status":"open","sticky":false,"template":"","format":"standard","meta":{"footnotes":""},"categories":[1],"tags":[],"class_list":["post-322","post","type-post","status-publish","format-standard","has-post-thumbnail","hentry","category-non-classe","entry"],"_links":{"self":[{"href":"https:\/\/parohia-lacourneuve.com\/index.php\/wp-json\/wp\/v2\/posts\/322","targetHints":{"allow":["GET"]}}],"collection":[{"href":"https:\/\/parohia-lacourneuve.com\/index.php\/wp-json\/wp\/v2\/posts"}],"about":[{"href":"https:\/\/parohia-lacourneuve.com\/index.php\/wp-json\/wp\/v2\/types\/post"}],"author":[{"embeddable":true,"href":"https:\/\/parohia-lacourneuve.com\/index.php\/wp-json\/wp\/v2\/users\/1"}],"replies":[{"embeddable":true,"href":"https:\/\/parohia-lacourneuve.com\/index.php\/wp-json\/wp\/v2\/comments?post=322"}],"version-history":[{"count":1,"href":"https:\/\/parohia-lacourneuve.com\/index.php\/wp-json\/wp\/v2\/posts\/322\/revisions"}],"predecessor-version":[{"id":324,"href":"https:\/\/parohia-lacourneuve.com\/index.php\/wp-json\/wp\/v2\/posts\/322\/revisions\/324"}],"wp:featuredmedia":[{"embeddable":true,"href":"https:\/\/parohia-lacourneuve.com\/index.php\/wp-json\/wp\/v2\/media\/323"}],"wp:attachment":[{"href":"https:\/\/parohia-lacourneuve.com\/index.php\/wp-json\/wp\/v2\/media?parent=322"}],"wp:term":[{"taxonomy":"category","embeddable":true,"href":"https:\/\/parohia-lacourneuve.com\/index.php\/wp-json\/wp\/v2\/categories?post=322"},{"taxonomy":"post_tag","embeddable":true,"href":"https:\/\/parohia-lacourneuve.com\/index.php\/wp-json\/wp\/v2\/tags?post=322"}],"curies":[{"name":"wp","href":"https:\/\/api.w.org\/{rel}","templated":true}]}}