{"id":319,"date":"2024-05-12T14:33:47","date_gmt":"2024-05-12T12:33:47","guid":{"rendered":"https:\/\/parohia-lacourneuve.com\/?p=319"},"modified":"2024-05-12T14:43:54","modified_gmt":"2024-05-12T12:43:54","slug":"moastele-sfintei-mironosite-maria-magdalena-au-ajuns-in-parohia-sfintii-trei-ierarhi","status":"publish","type":"post","link":"https:\/\/parohia-lacourneuve.com\/index.php\/2024\/05\/12\/moastele-sfintei-mironosite-maria-magdalena-au-ajuns-in-parohia-sfintii-trei-ierarhi\/","title":{"rendered":"Moa\u0219tele Sfintei Mironosi\u0163e Maria Magdalena au ajuns \u00een Parohia \u201eSfin\u0163ii Trei Ierarhi\u201d"},"content":{"rendered":"<p><span lang=\"IT\">\u00cen seara zilei de 19 Aprilie, a sosit \u00een capitala Fran\u0163ei, delega\u0163ia M\u0103n\u0103stirii Pantocrator din Dr\u0103g\u0103ne\u015fti-Vla\u015fca, din care fac parte Preasfin\u0163itul P\u0103rinte Galaction, Episcopul Alexandriei\u00a0\u015fi Teleormanului, p\u0103rintele arhimandrit Serafim Baciu, vicar eparhial, p\u0103rintele arhimandrit Sebastian Serdaru\u00a0\u015fi p\u0103rintele protosinghel Silvestru Murgoi.\u00a0<\/span>Delega\u0163ia a fost\u00a0\u00eent\u00e2mpinat\u0103 de Preasfin\u0163itul P\u0103rinte Nectarie de Bretania, episcop-vicar al arhiepiscopiei Ortodoxe rom\u00e2ne a Europei Occidentale, de p\u0103rintele paroh Mircea Filip, de preo\u0163i din regiunea parizian\u0103\u00a0\u015fi de numero\u015fi credincio\u015fi. Din partea IPS P\u0103rinte Mitropolit Iosif, Preasfin\u0163itul P\u0103rinte Nectarie, a oferit PS Galaction, ordinul\u00a0\u201cMitropolit Visarion Puiu\u201d, cea mai\u00a0\u00eenalt\u0103 distinc\u021bie a mitropoliei noastre.<\/p>\n","protected":false},"excerpt":{"rendered":"<p>\u00cen seara zilei de 19 Aprilie, a sosit \u00een capitala Fran\u0163ei, delega\u0163ia M\u0103n\u0103stirii Pantocrator din Dr\u0103g\u0103ne\u015fti-Vla\u015fca, din care fac parte Preasfin\u0163itul P\u0103rinte Galaction, Episcopul Alexandriei\u00a0\u015fi Teleormanului, p\u0103rintele arhimandrit Serafim Baciu, vicar eparhial, p\u0103rintele arhimandrit Sebastian Serdaru\u00a0\u015fi p\u0103rintele protosinghel Silvestru Murgoi.\u00a0Delega\u0163ia a fost\u00a0\u00eent\u00e2mpinat\u0103 de Preasfin\u0163itul P\u0103rinte Nectarie de Bretania, episcop-vicar al arhiepiscopiei Ortodoxe rom\u00e2ne a Europei&hellip; <a class=\"more-link\" href=\"https:\/\/parohia-lacourneuve.com\/index.php\/2024\/05\/12\/moastele-sfintei-mironosite-maria-magdalena-au-ajuns-in-parohia-sfintii-trei-ierarhi\/\">Poursuivre la lecture <span class=\"screen-reader-text\">Moa\u0219tele Sfintei Mironosi\u0163e Maria Magdalena au ajuns \u00een Parohia \u201eSfin\u0163ii Trei Ierarhi\u201d<\/span><\/a><\/p>\n","protected":false},"author":1,"featured_media":320,"comment_status":"open","ping_status":"open","sticky":false,"template":"","format":"standard","meta":{"footnotes":""},"categories":[1],"tags":[],"class_list":["post-319","post","type-post","status-publish","format-standard","has-post-thumbnail","hentry","category-non-classe","entry"],"_links":{"self":[{"href":"https:\/\/parohia-lacourneuve.com\/index.php\/wp-json\/wp\/v2\/posts\/319","targetHints":{"allow":["GET"]}}],"collection":[{"href":"https:\/\/parohia-lacourneuve.com\/index.php\/wp-json\/wp\/v2\/posts"}],"about":[{"href":"https:\/\/parohia-lacourneuve.com\/index.php\/wp-json\/wp\/v2\/types\/post"}],"author":[{"embeddable":true,"href":"https:\/\/parohia-lacourneuve.com\/index.php\/wp-json\/wp\/v2\/users\/1"}],"replies":[{"embeddable":true,"href":"https:\/\/parohia-lacourneuve.com\/index.php\/wp-json\/wp\/v2\/comments?post=319"}],"version-history":[{"count":1,"href":"https:\/\/parohia-lacourneuve.com\/index.php\/wp-json\/wp\/v2\/posts\/319\/revisions"}],"predecessor-version":[{"id":321,"href":"https:\/\/parohia-lacourneuve.com\/index.php\/wp-json\/wp\/v2\/posts\/319\/revisions\/321"}],"wp:featuredmedia":[{"embeddable":true,"href":"https:\/\/parohia-lacourneuve.com\/index.php\/wp-json\/wp\/v2\/media\/320"}],"wp:attachment":[{"href":"https:\/\/parohia-lacourneuve.com\/index.php\/wp-json\/wp\/v2\/media?parent=319"}],"wp:term":[{"taxonomy":"category","embeddable":true,"href":"https:\/\/parohia-lacourneuve.com\/index.php\/wp-json\/wp\/v2\/categories?post=319"},{"taxonomy":"post_tag","embeddable":true,"href":"https:\/\/parohia-lacourneuve.com\/index.php\/wp-json\/wp\/v2\/tags?post=319"}],"curies":[{"name":"wp","href":"https:\/\/api.w.org\/{rel}","templated":true}]}}