{"id":316,"date":"2024-05-12T14:30:59","date_gmt":"2024-05-12T12:30:59","guid":{"rendered":"https:\/\/parohia-lacourneuve.com\/?p=316"},"modified":"2024-05-12T14:30:59","modified_gmt":"2024-05-12T12:30:59","slug":"a-fost-sfintita-racla-cu-moastele-sfintilor-trei-ierarhi","status":"publish","type":"post","link":"https:\/\/parohia-lacourneuve.com\/index.php\/2024\/05\/12\/a-fost-sfintita-racla-cu-moastele-sfintilor-trei-ierarhi\/","title":{"rendered":"A fost sfin\u021bit\u0103 racla cu moa\u0219tele Sfin\u021bilor Trei Ierarhi"},"content":{"rendered":"<p>De azi, credincio\u0219ii din regiunea parizian\u0103 se pot \u00eenchina la moa\u0219tele Sfin\u021bilor Trei Ierarhi \u00een parohia din La Courneuve!<\/p>\n<p>&nbsp;<\/p>\n<p>\u00cen miercurea din S\u0103pt\u0103m\u00e2na Mare \u00een anul Domnului 2024, cu binecuv\u00e2ntarea IPS P\u0103rinte Mitropolit Iosif, Arhiepiscopul Ortodox Rom\u00e2n al Europei Occidentale \u0219i Mitropolitul Europei Occidentale \u0219i Meridionale, au fost a\u0219ezate \u00een racl\u0103, o p\u0103rticic\u0103 din moa\u0219tele Sfin\u021bilor Trei Ierarhi.<\/p>\n<p>&nbsp;<\/p>\n<p>Cu acest prilej, miercuri 1 mai 2024, \u00een jurul amiezii, dup\u0103 Liturghia Darurilor \u00eenainte sfin\u021bite, Preasfin\u021bitul P\u0103rinte Nectarie de Bretania, episcop-vicar, a binecuv\u00e2ntat \u0219i sfin\u021bit noua racl\u0103, \u0219i \u00eempreun\u0103 cu p\u0103rintele paroh Mircea Filip, au a\u0219ezat sfintele moa\u0219te \u00eentr-o racl\u0103 de argint, iar apoi, la loc de cinste, \u00eentr-un baldachin special, conceput \u0219i sculptat pentru parohie, din lemn de nuc american.<\/p>\n<p>&nbsp;<\/p>\n<p>Racla din argint cu pietre pre\u021bioase, lucrat\u0103 manual, a fost realizat\u0103 cu m\u0103iestrie la atelierul domnului Alexandru Coman \u0219i a echipei d\u00e2nsului din Bucure\u0219ti. Pe racl\u0103, Sfin\u021bii Trei Ierarhi sunt sculpta\u021bi \u00een filde\u0219, iar pe capacul interior este reprezentat\u0103 \u201cSf\u00e2nta Euharistie\u201d. De jur \u00eemprejur, 4 candele din argint \u00een stil rom\u00e2nesc lumineaz\u0103 acest col\u021b de rug\u0103ciune.<\/p>\n<p>&nbsp;<\/p>\n<p>La eveniment au participat membrii consiliului parohial care preg\u0103tesc biserica pentru Sfintele S\u0103rb\u0103tori. Sfintele moa\u0219te au fost primite pe data de 29 Ianuarie 2022, cu prilejul t\u00e2rnosirii bisericii.<\/p>\n<p>&nbsp;<\/p>\n<p>Amintim c\u0103 \u00een anul 2019, prin grija IPS P\u0103rinte Mitropolit Iosif, parohia a primit de la m\u0103n\u0103stirea Lainici moa\u0219tele Sf\u00e2ntului Cuvios Irodion. \u00cen anul 2022, cu prilejul t\u00e2rnosirii noii biserici, parohia a primit \u0219i moa\u0219tele Sfintei Mare Muceni\u021be Ecaterina.<\/p>\n<p>&nbsp;<\/p>\n<p>Mul\u021bumim \u0219i felicit\u0103m pe to\u021bi cei care s-au implicat prin dona\u021bii \u0219i rug\u0103ciuni la realizarea acestui proiect m\u0103re\u021b.<\/p>\n<p>&nbsp;<\/p>\n<p>Slav\u0103 lui Dumnezeu !<\/p>\n","protected":false},"excerpt":{"rendered":"<p>De azi, credincio\u0219ii din regiunea parizian\u0103 se pot \u00eenchina la moa\u0219tele Sfin\u021bilor Trei Ierarhi \u00een parohia din La Courneuve! &nbsp; \u00cen miercurea din S\u0103pt\u0103m\u00e2na Mare \u00een anul Domnului 2024, cu binecuv\u00e2ntarea IPS P\u0103rinte Mitropolit Iosif, Arhiepiscopul Ortodox Rom\u00e2n al Europei Occidentale \u0219i Mitropolitul Europei Occidentale \u0219i Meridionale, au fost a\u0219ezate \u00een racl\u0103, o p\u0103rticic\u0103 din&hellip; <a class=\"more-link\" href=\"https:\/\/parohia-lacourneuve.com\/index.php\/2024\/05\/12\/a-fost-sfintita-racla-cu-moastele-sfintilor-trei-ierarhi\/\">Poursuivre la lecture <span class=\"screen-reader-text\">A fost sfin\u021bit\u0103 racla cu moa\u0219tele Sfin\u021bilor Trei Ierarhi<\/span><\/a><\/p>\n","protected":false},"author":1,"featured_media":317,"comment_status":"open","ping_status":"open","sticky":false,"template":"","format":"standard","meta":{"footnotes":""},"categories":[1],"tags":[],"class_list":["post-316","post","type-post","status-publish","format-standard","has-post-thumbnail","hentry","category-non-classe","entry"],"_links":{"self":[{"href":"https:\/\/parohia-lacourneuve.com\/index.php\/wp-json\/wp\/v2\/posts\/316","targetHints":{"allow":["GET"]}}],"collection":[{"href":"https:\/\/parohia-lacourneuve.com\/index.php\/wp-json\/wp\/v2\/posts"}],"about":[{"href":"https:\/\/parohia-lacourneuve.com\/index.php\/wp-json\/wp\/v2\/types\/post"}],"author":[{"embeddable":true,"href":"https:\/\/parohia-lacourneuve.com\/index.php\/wp-json\/wp\/v2\/users\/1"}],"replies":[{"embeddable":true,"href":"https:\/\/parohia-lacourneuve.com\/index.php\/wp-json\/wp\/v2\/comments?post=316"}],"version-history":[{"count":1,"href":"https:\/\/parohia-lacourneuve.com\/index.php\/wp-json\/wp\/v2\/posts\/316\/revisions"}],"predecessor-version":[{"id":318,"href":"https:\/\/parohia-lacourneuve.com\/index.php\/wp-json\/wp\/v2\/posts\/316\/revisions\/318"}],"wp:featuredmedia":[{"embeddable":true,"href":"https:\/\/parohia-lacourneuve.com\/index.php\/wp-json\/wp\/v2\/media\/317"}],"wp:attachment":[{"href":"https:\/\/parohia-lacourneuve.com\/index.php\/wp-json\/wp\/v2\/media?parent=316"}],"wp:term":[{"taxonomy":"category","embeddable":true,"href":"https:\/\/parohia-lacourneuve.com\/index.php\/wp-json\/wp\/v2\/categories?post=316"},{"taxonomy":"post_tag","embeddable":true,"href":"https:\/\/parohia-lacourneuve.com\/index.php\/wp-json\/wp\/v2\/tags?post=316"}],"curies":[{"name":"wp","href":"https:\/\/api.w.org\/{rel}","templated":true}]}}