{"id":272,"date":"2024-04-14T13:02:41","date_gmt":"2024-04-14T11:02:41","guid":{"rendered":"https:\/\/parohia-lacourneuve.com\/?p=272"},"modified":"2024-04-14T13:03:07","modified_gmt":"2024-04-14T11:03:07","slug":"vizita-arhiereasca-a-preasfintitului-parinte-macarie","status":"publish","type":"post","link":"https:\/\/parohia-lacourneuve.com\/index.php\/2024\/04\/14\/vizita-arhiereasca-a-preasfintitului-parinte-macarie\/","title":{"rendered":"Vizita arhiereasc\u0103 a Preasfin\u0163itului P\u0103rinte Macarie, episcopul Europei de Nord"},"content":{"rendered":"<p class=\"p1\"><b>Vizita arhiereasc\u0103 a Preasfin\u0163itului P\u0103rinte Macarie, episcopul Europei de Nord, \u00een parohia din La Courneuve<\/b><\/p>\n<p>Vizita Preasfin\u021bitului Episcop Macarie \u00een Fran\u021ba de la sf\u00e2r\u0219itul s\u0103pt\u0103m\u00e2nii trecute a \u00eenceput cu slujirea Liturghiei Darurilor mai \u00eenainte sfin\u021bite \u00een Parohia \u201eSfin\u021bii Trei Ierarhi\u201d din cartierul La Courneuve, Paris, s\u0103v\u00e2r\u0219it\u0103 vineri sear\u0103, 5 aprilie, \u00een prezen\u021ba mul\u021bimii de credincio\u0219i.<\/p>\n<p>S\u00e2mb\u0103t\u0103 6 Aprilie, Preasfin\u0163itul P\u0103rinte Macarie, a s\u0103v\u00e2r\u015fit Sf\u00e2nta Liturghie a Sf\u00e2ntului Ioan Gur\u0103 de Aur \u00een biserica \u201eSfin\u0163ii Trei Ierarhi\u201d din La Courneuve, Paris, \u00eempreun\u0103 cu p\u0103rintele paroh Mircea Filip. R\u0103spunsurile liturgice au fost oferite de corala de copii a parohiei. \u00a0La momentul r\u00e2nduit, dup\u0103 rug\u0103ciunea Amvonului, Preasfin\u0163ia Sa i-a pomenit pe cei adormi\u0163i, \u015fi s-a rugat \u015fi pentru sufletul mamei sale, Ana, trecut\u0103 la Domnul. La finalul slujbei, Preasfin\u0163itul P\u0103rinte Macarie, a rostit un cuv\u00e2nt adresat credincio\u015filor prezen\u0163i, \u015fi \u015fi-a exprimat aprecierea fa\u0163\u0103 de corala parohiei.<\/p>\n<p>Seara, ierarhul\u00a0a s\u0103v\u00e2r\u015fit \u00een aceea\u0219i parohie\u00a0Vecernia Mare cu Litie la Duminica a treia din Postul Mare, \u015fi apoi a sus\u021binut\u00a0conferin\u0163a \u201eCrucea t\u00e2n\u0103rului \u00een ziua de azi\u201d. La eveniment a asistat \u015fi IPS P\u0103rinte Mitropolit Iosif, Mitropolitul Ortodox Rom\u00e2n al Europei Occidentale \u015fi Meridionale, numero\u015fi tineri din parohie \u015fi din asocia\u0163ia NEPSIS Fran\u0163a, dar \u015fi credincio\u015fi dornici de \u00eenv\u0103\u0163\u0103tur\u0103 duhovniceasc\u0103. La finalul conferin\u0163ei, \u00cenaltpreasfin\u0163itul P\u0103rinte Iosif a d\u0103ruit Preasfin\u0163itului P\u0103rinte Macarie, ordinul mitropoliei \u201eMitropolit Visarion Puiu\u201d.<\/p>\n<p>Duminic\u0103 7 aprilie 2024, \u00cen Duminica a treia din Postul Mare, \u00eenchinat\u0103 Sfintei Cruci, Preasfin\u021bitul P\u0103rinte Macarie a s\u0103v\u00e2r\u0219it Sf\u00e2nta Liturghie, de asemenea,\u00a0\u00een biserica\u00a0\u201eSfin\u021bii Trei Ierarhi\u201d din La Courneuve, Paris.\u00a0\u00cenainte de \u00eenceputul Sfintei Liturghii, la sf\u00e2r\u0219itul doxologiei, a fost scoas\u0103 spre \u00eenchinare Sf\u00e2nta Cruce\u00a0\u0219i s-au c\u00e2ntat troparele\u00a0\u201eM\u00e2ntuie\u0219te Doamne poporul t\u0103u\u201d\u00a0\u0219i\u00a0\u201eCrucii Tale ne\u00a0\u00eenchin\u0103m\u2026\u201d.\u00a0R\u0103spunsurile liturgice au fost oferite de corala de copii a parohiei.\u00a0\u00a0La slujb\u0103 au participat 1400 de credincio\u0219i, dintre care aproape 500 s-au \u00eemp\u0103rt\u0103\u0219it.<\/p>\n<p>\u00cenainte de Sf\u00e2nta \u00cemp\u0103rt\u0103\u0219anie, Preasfin\u021bia Sa a rostit un cuv\u00e2nt de\u00a0\u00eenv\u0103\u021batur\u0103 legat de Duminica Sfintei Cruci.<\/p>\n<p>La final, p\u0103rintele paroh Mircea Filip a primit din partea Preasfin\u021bitului P\u0103rinte Macarie,\u00a0\u201eCrucea Nordului\u201d, cea mai\u00a0\u00eenalt\u0103 distinc\u021bie a Episcopiei Europei de Nord,\u00a0\u00een semn de pre\u021buire\u00a0\u0219i\u00a0\u00eenalt\u0103 apreciere pentru jertfa\u00a0\u0219i slujirea comunit\u0103\u021bii rom\u00e2ne\u0219ti din Paris. Amintim c\u0103 p\u0103rintele a primit cea mai \u00eenalt\u0103 distinc\u021bie a Episcopiei Maramure\u0219ului \u0219i S\u0103tmarului \u2013\u00a0\u201eCrucea Voievodal\u0103\u201d, din partea Preasfin\u021bitului P\u0103rinte Iustin\u00a0\u00een 2018, iar\u00a0\u00een 2022, cea mai\u00a0\u00eenalt\u0103 distinc\u021bie din Mitropolia Ortodox\u0103 Rom\u00e2n\u0103 a Europei Occidentale\u00a0\u0219i Meridionale.<\/p>\n<p>De asemenea, din partea parohiei, Preasfin\u021bia Sa a primit o bederni\u021b\u0103 cu Sfin\u021bii Trei Ierarhi Vasile, Grigorie\u00a0\u0219i Ioan. La sf\u00e2r\u0219itul slujbei, PS Macarie a oferit copiilor dulciuri de post\u00a0\u0219i i-a binecuv\u00e2ntat pe cei prezen\u021bi.\u00a0Spre sear\u0103,\u00a0Preasfin\u021bia Sa\u00a0a\u00a0s\u0103v\u00e2r\u0219it\u00a0Taina Sf\u00e2ntului Maslu\u00a0\u00eenconjurat de un sobor de preo\u021bi din regiunea parizian\u0103.<\/p>\n<p>Articol preluat: <a href=\"https:\/\/doxologia.ro\/\">doxologia.ro<\/a><\/p>\n","protected":false},"excerpt":{"rendered":"<p>Vizita arhiereasc\u0103 a Preasfin\u0163itului P\u0103rinte Macarie, episcopul Europei de Nord, \u00een parohia din La Courneuve Vizita Preasfin\u021bitului Episcop Macarie \u00een Fran\u021ba de la sf\u00e2r\u0219itul s\u0103pt\u0103m\u00e2nii trecute a \u00eenceput cu slujirea Liturghiei Darurilor mai \u00eenainte sfin\u021bite \u00een Parohia \u201eSfin\u021bii Trei Ierarhi\u201d din cartierul La Courneuve, Paris, s\u0103v\u00e2r\u0219it\u0103 vineri sear\u0103, 5 aprilie, \u00een prezen\u021ba mul\u021bimii de credincio\u0219i.&hellip; <a class=\"more-link\" href=\"https:\/\/parohia-lacourneuve.com\/index.php\/2024\/04\/14\/vizita-arhiereasca-a-preasfintitului-parinte-macarie\/\">Poursuivre la lecture <span class=\"screen-reader-text\">Vizita arhiereasc\u0103 a Preasfin\u0163itului P\u0103rinte Macarie, episcopul Europei de Nord<\/span><\/a><\/p>\n","protected":false},"author":1,"featured_media":285,"comment_status":"open","ping_status":"open","sticky":false,"template":"","format":"standard","meta":{"footnotes":""},"categories":[7],"tags":[],"class_list":["post-272","post","type-post","status-publish","format-standard","has-post-thumbnail","hentry","category-apostolia","entry"],"_links":{"self":[{"href":"https:\/\/parohia-lacourneuve.com\/index.php\/wp-json\/wp\/v2\/posts\/272","targetHints":{"allow":["GET"]}}],"collection":[{"href":"https:\/\/parohia-lacourneuve.com\/index.php\/wp-json\/wp\/v2\/posts"}],"about":[{"href":"https:\/\/parohia-lacourneuve.com\/index.php\/wp-json\/wp\/v2\/types\/post"}],"author":[{"embeddable":true,"href":"https:\/\/parohia-lacourneuve.com\/index.php\/wp-json\/wp\/v2\/users\/1"}],"replies":[{"embeddable":true,"href":"https:\/\/parohia-lacourneuve.com\/index.php\/wp-json\/wp\/v2\/comments?post=272"}],"version-history":[{"count":2,"href":"https:\/\/parohia-lacourneuve.com\/index.php\/wp-json\/wp\/v2\/posts\/272\/revisions"}],"predecessor-version":[{"id":289,"href":"https:\/\/parohia-lacourneuve.com\/index.php\/wp-json\/wp\/v2\/posts\/272\/revisions\/289"}],"wp:featuredmedia":[{"embeddable":true,"href":"https:\/\/parohia-lacourneuve.com\/index.php\/wp-json\/wp\/v2\/media\/285"}],"wp:attachment":[{"href":"https:\/\/parohia-lacourneuve.com\/index.php\/wp-json\/wp\/v2\/media?parent=272"}],"wp:term":[{"taxonomy":"category","embeddable":true,"href":"https:\/\/parohia-lacourneuve.com\/index.php\/wp-json\/wp\/v2\/categories?post=272"},{"taxonomy":"post_tag","embeddable":true,"href":"https:\/\/parohia-lacourneuve.com\/index.php\/wp-json\/wp\/v2\/tags?post=272"}],"curies":[{"name":"wp","href":"https:\/\/api.w.org\/{rel}","templated":true}]}}